{"id":6457,"date":"2023-07-31T16:46:47","date_gmt":"2023-07-31T14:46:47","guid":{"rendered":"https:\/\/www.naturallook.it\/?p=6457"},"modified":"2023-07-31T16:46:48","modified_gmt":"2023-07-31T14:46:48","slug":"der-mensch-im-mittelpunkt","status":"publish","type":"post","link":"https:\/\/www.naturallook.it\/de\/blog\/der-mensch-im-mittelpunkt\/","title":{"rendered":"Der Mensch im Mittelpunkt"},"content":{"rendered":"\t\t<div data-elementor-type=\"wp-post\" data-elementor-id=\"6457\" class=\"elementor elementor-6457\" data-elementor-post-type=\"post\">\n\t\t\t\t\t\t<section class=\"elementor-section elementor-top-section elementor-element elementor-element-1af262db elementor-section-full_width elementor-section-height-min-height elementor-section-height-default elementor-section-items-middle\" data-id=\"1af262db\" data-element_type=\"section\" data-settings=\"{&quot;background_background&quot;:&quot;classic&quot;}\">\n\t\t\t\t\t\t<div class=\"elementor-container elementor-column-gap-default\">\n\t\t\t\t\t<div class=\"elementor-column elementor-col-100 elementor-top-column elementor-element elementor-element-52ba9838\" data-id=\"52ba9838\" data-element_type=\"column\">\n\t\t\t<div class=\"elementor-widget-wrap\">\n\t\t\t\t\t\t\t<\/div>\n\t\t<\/div>\n\t\t\t\t\t<\/div>\n\t\t<\/section>\n\t\t\t\t<section class=\"elementor-section elementor-top-section elementor-element elementor-element-7a08e1c8 elementor-section-boxed elementor-section-height-default elementor-section-height-default\" data-id=\"7a08e1c8\" data-element_type=\"section\">\n\t\t\t\t\t\t<div class=\"elementor-container elementor-column-gap-default\">\n\t\t\t\t\t<div class=\"elementor-column elementor-col-100 elementor-top-column elementor-element elementor-element-702f3d3f\" data-id=\"702f3d3f\" data-element_type=\"column\">\n\t\t\t<div class=\"elementor-widget-wrap elementor-element-populated\">\n\t\t\t\t\t\t<div class=\"elementor-element elementor-element-53560b10 elementor-widget elementor-widget-text-editor\" data-id=\"53560b10\" data-element_type=\"widget\" data-widget_type=\"text-editor.default\">\n\t\t\t\t<div class=\"elementor-widget-container\">\n\t\t\t\t\t\t\t\t\t<h1>Der Mensch im Mittelpunkt<\/h1>\t\t\t\t\t\t\t\t<\/div>\n\t\t\t\t<\/div>\n\t\t\t\t<div class=\"elementor-element elementor-element-49b6089d elementor-widget elementor-widget-text-editor\" data-id=\"49b6089d\" data-element_type=\"widget\" data-widget_type=\"text-editor.default\">\n\t\t\t\t<div class=\"elementor-widget-container\">\n\t\t\t\t\t\t\t\t\t<h2>Human Resources: Wertsch\u00f6pfung durch Talentf\u00f6rderung<\/h2>\t\t\t\t\t\t\t\t<\/div>\n\t\t\t\t<\/div>\n\t\t\t\t<div class=\"elementor-element elementor-element-4c8784ab elementor-widget elementor-widget-text-editor\" data-id=\"4c8784ab\" data-element_type=\"widget\" data-widget_type=\"text-editor.default\">\n\t\t\t\t<div class=\"elementor-widget-container\">\n\t\t\t\t\t\t\t\t\t<p><b>Die einschneidenden Ver\u00e4nderungen der letzten Jahre und die immer rasanteren Entwicklungen haben sich auch auf Unternehmen, deren Personalstruktur und \u2013 damit zusammenh\u00e4ngend \u2013 auf das Personalmanagement ausgewirkt. In der aktuellen Situation liegt die Hauptaufgabe einer HR-Abteilung verst\u00e4rkt darin, die F\u00e4higkeiten des Einzelnen zu erkennen und sie so einzusetzen, dass sie zum Erfolg des Unternehmens f\u00fchren.<\/b><\/p>\t\t\t\t\t\t\t\t<\/div>\n\t\t\t\t<\/div>\n\t\t\t\t<div class=\"elementor-element elementor-element-3b1ffa0f elementor-widget elementor-widget-text-editor\" data-id=\"3b1ffa0f\" data-element_type=\"widget\" data-widget_type=\"text-editor.default\">\n\t\t\t\t<div class=\"elementor-widget-container\">\n\t\t\t\t\t\t\t\t\t<p>Eine gut funktionierende Personalabteilung ist entscheidend f\u00fcr den Betrieb: In ihren Verantwortungsbereich f\u00e4llt nicht nur die Personalbeschaffung und \u2013auswahl, sondern auch die F\u00f6rderung der beruflichen Entwicklung und Weiterbildung der Mitarbeitenden sowie deren Bindung an die Werte und Zukunftsstrategien des Unternehmens. Dadurch ist es m\u00f6glich, ein f\u00fcr alle Seiten produktives Arbeitsumfeld zu schaffen, in dem individuelle St\u00e4rken und F\u00e4higkeiten gef\u00f6rdert werden und die Mitarbeitenden sich mit Blick auf ihre beruflichen Ziele frei entwickeln k\u00f6nnen. Ziel ist die Schaffung nachhaltiger Werte und einer inklusiven und kollegialen Unternehmenskultur. Mehr denn je ist Mitarbeiterf\u00f6rderung heute eine Investition in die Zukunft und in den Erfolg des Unternehmens. Wir haben mit Albert Dorfmann, Chief People Officer, \u00fcber das Personalwesen bei NaturalLook gesprochen.\u00a0<\/p>\t\t\t\t\t\t\t\t<\/div>\n\t\t\t\t<\/div>\n\t\t\t\t<div class=\"elementor-element elementor-element-259ef4bd elementor-widget elementor-widget-image\" data-id=\"259ef4bd\" data-element_type=\"widget\" data-widget_type=\"image.default\">\n\t\t\t\t<div class=\"elementor-widget-container\">\n\t\t\t\t\t\t\t\t\t\t\t\t\t\t\t<img fetchpriority=\"high\" decoding=\"async\" width=\"1024\" height=\"576\" src=\"https:\/\/www.naturallook.it\/wp-content\/uploads\/2023\/07\/Naturallok-Onboard-Visual-Selection-8-1024x576.png\" class=\"attachment-large size-large wp-image-6462\" alt=\"\" srcset=\"https:\/\/www.naturallook.it\/wp-content\/uploads\/2023\/07\/Naturallok-Onboard-Visual-Selection-8-1024x576.png 1024w, https:\/\/www.naturallook.it\/wp-content\/uploads\/2023\/07\/Naturallok-Onboard-Visual-Selection-8-300x169.png 300w, https:\/\/www.naturallook.it\/wp-content\/uploads\/2023\/07\/Naturallok-Onboard-Visual-Selection-8-768x432.png 768w, https:\/\/www.naturallook.it\/wp-content\/uploads\/2023\/07\/Naturallok-Onboard-Visual-Selection-8-1536x864.png 1536w, https:\/\/www.naturallook.it\/wp-content\/uploads\/2023\/07\/Naturallok-Onboard-Visual-Selection-8.png 1920w\" sizes=\"(max-width: 1024px) 100vw, 1024px\" \/>\t\t\t\t\t\t\t\t\t\t\t\t\t\t\t<\/div>\n\t\t\t\t<\/div>\n\t\t\t\t<div class=\"elementor-element elementor-element-5f2c1ef8 elementor-widget elementor-widget-text-editor\" data-id=\"5f2c1ef8\" data-element_type=\"widget\" data-widget_type=\"text-editor.default\">\n\t\t\t\t<div class=\"elementor-widget-container\">\n\t\t\t\t\t\t\t\t\t<p><b><i>Wie wichtig ist die Personalabteilung in Zeiten radikaler Umbr\u00fcche in der Arbeitswelt, wie wir sie gerade erleben?<\/i><\/b><\/p>\t\t\t\t\t\t\t\t<\/div>\n\t\t\t\t<\/div>\n\t\t\t\t<div class=\"elementor-element elementor-element-6c8c603e elementor-widget elementor-widget-text-editor\" data-id=\"6c8c603e\" data-element_type=\"widget\" data-widget_type=\"text-editor.default\">\n\t\t\t\t<div class=\"elementor-widget-container\">\n\t\t\t\t\t\t\t\t\t<p>\u00a0\u201eDie Personalabteilung spielt eine immer wichtigere Rolle \u2013 und das bereits seit einigen Jahren. Die Menschen machen das Unternehmen aus, sie sind es, die es zum Erfolg f\u00fchren: Wir tragen die Verantwortung daf\u00fcr, dass sie geb\u00fchrend gesch\u00e4tzt, unterst\u00fctzt und gef\u00f6rdert werden. Vielen Berufst\u00e4tigen sind heute vor allem Selbstverwirklichung und die Vereinbarkeit von Job und Privatleben wichtig. Dem m\u00fcssen wir Rechnung tragen. In einem Arbeitsverh\u00e4ltnis, das auf Transparenz und gegenseitigem Vertrauen beruht, ist es unsere Aufgabe, uns an diese Bed\u00fcrfnisse anzupassen.\u201c<\/p><p>\u00a0<\/p><p>\u00a0<\/p><p>\u00a0<\/p><p><b><i>Innovatives Personalmanagement ist bei NaturalLook l\u00e4ngst Realit\u00e4t. Was macht das<\/i> <i>Unternehmen zu einem attraktiven Arbeitgeber?<\/i><\/b><\/p><p>\u00a0<\/p><p>\u201eTalentf\u00f6rderung und die Steigerung des Wohlbefindens am Arbeitsplatz stehen f\u00fcr uns an oberster Stelle. Dies erreichen wir durch verschiedene Initiativen: Zun\u00e4chst einmal bieten wir dem Personal Fortbildungsm\u00f6glichkeiten, wobei das entsprechende Budget eine Investition in jede\/n einzelne\/n MitarbeiterIn vorsieht. Zweitens pflegen wir eine inklusive Unternehmenskultur \u2013 Teamgeist und Respekt gegen\u00fcber anderen haben bei uns oberste Priorit\u00e4t. Au\u00dferdem suchen wir immer neue Wege, um die Work-Life-Balance unserer MitarbeiterInnen zu verbessern: In diesem Zusammenhang arbeiten wir aktuell an einer einheitlichen Regelung f\u00fcr die Arbeit im Homeoffice und bieten mittlerweile Beitr\u00e4ge f\u00fcr die Kinderbetreuung sowie steuerbeg\u00fcnstigte Pr\u00e4mien. Zudem ist es f\u00fcr uns wichtig, das k\u00f6rperliche und geistige Wohlbefinden zu f\u00f6rdern. Daf\u00fcr bieten wir beispielsweise Pilates-Kurse, \u00dcbungen zur Vorbeugung von R\u00fcckenschmerzen und einen K\u00fcchenbereich mit reichlich gesunden Snacks und frischem Obst. All diese Anreize tragen zweifellos zur Mitarbeiterbindung bei: Je h\u00f6her die Zufriedenheit im Job, desto geringer der Turnover. Dies ist auch bei NaturalLook der Fall.\u201c<\/p>\t\t\t\t\t\t\t\t<\/div>\n\t\t\t\t<\/div>\n\t\t\t\t<div class=\"elementor-element elementor-element-543dec3b elementor-widget elementor-widget-image\" data-id=\"543dec3b\" data-element_type=\"widget\" data-widget_type=\"image.default\">\n\t\t\t\t<div class=\"elementor-widget-container\">\n\t\t\t\t\t\t\t\t\t\t\t\t\t\t\t<img decoding=\"async\" width=\"1024\" height=\"576\" src=\"https:\/\/www.naturallook.it\/wp-content\/uploads\/2023\/07\/Naturallok-Onboard-Visual-Selection-9-1024x576.png\" class=\"attachment-large size-large wp-image-6465\" alt=\"\" srcset=\"https:\/\/www.naturallook.it\/wp-content\/uploads\/2023\/07\/Naturallok-Onboard-Visual-Selection-9-1024x576.png 1024w, https:\/\/www.naturallook.it\/wp-content\/uploads\/2023\/07\/Naturallok-Onboard-Visual-Selection-9-300x169.png 300w, https:\/\/www.naturallook.it\/wp-content\/uploads\/2023\/07\/Naturallok-Onboard-Visual-Selection-9-768x432.png 768w, https:\/\/www.naturallook.it\/wp-content\/uploads\/2023\/07\/Naturallok-Onboard-Visual-Selection-9-1536x864.png 1536w, https:\/\/www.naturallook.it\/wp-content\/uploads\/2023\/07\/Naturallok-Onboard-Visual-Selection-9.png 1920w\" sizes=\"(max-width: 1024px) 100vw, 1024px\" \/>\t\t\t\t\t\t\t\t\t\t\t\t\t\t\t<\/div>\n\t\t\t\t<\/div>\n\t\t\t\t<div class=\"elementor-element elementor-element-377fec4 elementor-widget elementor-widget-text-editor\" data-id=\"377fec4\" data-element_type=\"widget\" data-widget_type=\"text-editor.default\">\n\t\t\t\t<div class=\"elementor-widget-container\">\n\t\t\t\t\t\t\t\t\t<p><b><i>Wie laufen Personalauswahl und Onboarding bei NaturalLook ab? <\/i><\/b><\/p><p>\u00a0<\/p><p>\u201eWir haben einen Auswahlprozess ausgearbeitet, bei dem der Mensch im Mittelpunkt steht. Neben den gew\u00f6hnlichen Bewerbungsgespr\u00e4chen laden wir die Kandidatinnen und Kandidaten zu einer kleinen praktischen Pr\u00fcfung ein, um ihre fachspezifischen Kenntnisse und F\u00e4higkeiten beurteilen zu k\u00f6nnen und ihnen die M\u00f6glichkeit zu geben, ihr Potential unter Beweis zu stellen. Wir sch\u00e4tzen jede einzelne Bewerbung, weshalb bei uns auch alle Kandidaten ein Feedback bekommen. Beim Onboarding sorgen wir daf\u00fcr, dass sich die Person bei uns wohl f\u00fchlt und sich so schnell wie m\u00f6glich vollends ins Team integrieren kann.\u201c<\/p><p>\u00a0<\/p><p>\u00a0<\/p><p>\u00a0<\/p><p><b><i>Welche Rolle kommt dem Personalmanagement bei der Gestaltung der Arbeitswelt der Zukunft zu?<br \/><\/i><\/b><\/p><p>\u00a0<\/p><p>\u201eDas Personalmanagement spielt eine wesentliche Rolle bei der Gestaltung der Arbeitswelt von morgen. Wir m\u00fcssen schnell auf Ver\u00e4nderungen reagieren und flexible und nachhaltige L\u00f6sungen zum Wohle unserer MitarbeiterInnen finden. Die Personalabteilung muss zukunftsorientiert arbeiten: Sie muss Trends analysieren, neue Bed\u00fcrfnisse des Personals schnell erkennen und L\u00f6sungen und Strategien ausarbeiten. Nur so kann es gelingen, Zufriedenheit am Arbeitsplatz und Produktivit\u00e4t gleicherma\u00dfen zu f\u00f6rdern. Ein weiterer wichtiger Punkt ist die F\u00f6rderung von Fortbildungsma\u00dfnahmen, um unsere MitarbeiterInnen bei der Entwicklung neuer Kompetenzen \u2013 die nun mal bei der Entstehung neuer Jobs in der Zukunft n\u00f6tig sein werden \u2013 zu unterst\u00fctzen. Die Arbeitswelt ist im Wandel \u2013 die Aufgabe der Personalabteilungen ist es, Unternehmen und MitarbeiterInnen auf diese Herausforderungen vorzubereiten.\u201c<\/p><p>\u00a0<\/p><p>Effizientes Personalmanagement hei\u00dft bei NaturalLook nicht nur, Talente anzuwerben, sondern sie auch an das Unternehmen und an seine Werte zu binden und ein dauerhaftes Arbeitsverh\u00e4ltnis zu schaffen. Es hei\u00dft, MitarbeiterInnen beim Ausbau ihrer Kompetenzen zu unterst\u00fctzen und dadurch das gesamte Unternehmen an den Wandel der Zeit anzupassen.\u00a0<\/p><p>\u00a0<\/p><p>Entdecke jetzt unsere Stellenangebote und werde Teil unseres Teams:\u00a0<a href=\"https:\/\/www.naturallook.it\/de\/jobs\/\" target=\"_blank\" rel=\"noopener\"><b><u>https:\/\/www.naturallook.it\/de\/jobs\/<\/u><\/b>!<\/a>\u00a0<\/p>\t\t\t\t\t\t\t\t<\/div>\n\t\t\t\t<\/div>\n\t\t\t\t\t<\/div>\n\t\t<\/div>\n\t\t\t\t\t<\/div>\n\t\t<\/section>\n\t\t\t\t<section class=\"elementor-section elementor-top-section elementor-element elementor-element-187b8b76 elementor-section-boxed elementor-section-height-default elementor-section-height-default\" data-id=\"187b8b76\" data-element_type=\"section\">\n\t\t\t\t\t\t<div class=\"elementor-container elementor-column-gap-default\">\n\t\t\t\t\t<div class=\"elementor-column elementor-col-100 elementor-top-column elementor-element elementor-element-262ed2e6\" data-id=\"262ed2e6\" data-element_type=\"column\">\n\t\t\t<div class=\"elementor-widget-wrap elementor-element-populated\">\n\t\t\t\t\t\t<div class=\"elementor-element elementor-element-69a35778 elementor-widget elementor-widget-post-info\" data-id=\"69a35778\" data-element_type=\"widget\" data-widget_type=\"post-info.default\">\n\t\t\t\t<div class=\"elementor-widget-container\">\n\t\t\t\t\t\t\t<ul class=\"elementor-inline-items elementor-icon-list-items elementor-post-info\">\n\t\t\t\t\t\t\t\t<li class=\"elementor-icon-list-item elementor-repeater-item-89f0d2d elementor-inline-item\" itemprop=\"datePublished\">\n\t\t\t\t\t\t<a href=\"https:\/\/www.naturallook.it\/de\/blog\/2023\/07\/31\/\">\n\t\t\t\t\t\t\t\t\t\t\t\t\t\t<span class=\"elementor-icon-list-text elementor-post-info__item elementor-post-info__item--type-date\">\n\t\t\t\t\t\t\t\t\t\t<time>Juli 31, 2023<\/time>\t\t\t\t\t<\/span>\n\t\t\t\t\t\t\t\t\t<\/a>\n\t\t\t\t<\/li>\n\t\t\t\t<\/ul>\n\t\t\t\t\t\t<\/div>\n\t\t\t\t<\/div>\n\t\t\t\t\t<\/div>\n\t\t<\/div>\n\t\t\t\t\t<\/div>\n\t\t<\/section>\n\t\t\t\t<section class=\"elementor-section elementor-top-section elementor-element elementor-element-1803c18d elementor-section-boxed elementor-section-height-default elementor-section-height-default\" data-id=\"1803c18d\" data-element_type=\"section\">\n\t\t\t\t\t\t<div class=\"elementor-container elementor-column-gap-default\">\n\t\t\t\t\t<div class=\"elementor-column elementor-col-100 elementor-top-column elementor-element elementor-element-3d938f6b\" data-id=\"3d938f6b\" data-element_type=\"column\">\n\t\t\t<div class=\"elementor-widget-wrap elementor-element-populated\">\n\t\t\t\t\t\t<div class=\"elementor-element elementor-element-8559ceb elementor-widget elementor-widget-post-navigation\" data-id=\"8559ceb\" data-element_type=\"widget\" data-widget_type=\"post-navigation.default\">\n\t\t\t\t<div class=\"elementor-widget-container\">\n\t\t\t\t\t\t\t<div class=\"elementor-post-navigation\">\n\t\t\t<div class=\"elementor-post-navigation__prev elementor-post-navigation__link\">\n\t\t\t\t<a href=\"https:\/\/www.naturallook.it\/de\/blog\/alles-fliesst\/\" rel=\"prev\"><span class=\"post-navigation__arrow-wrapper post-navigation__arrow-prev\"><i class=\"fa fa-angle-left\" aria-hidden=\"true\"><\/i><span class=\"elementor-screen-only\">Zur\u00fcck<\/span><\/span><span class=\"elementor-post-navigation__link__prev\"><span class=\"post-navigation__prev--label\">zur\u00fcck<\/span><span class=\"post-navigation__prev--title\">Alles flie\u00dft<\/span><\/span><\/a>\t\t\t<\/div>\n\t\t\t\t\t\t<div class=\"elementor-post-navigation__next elementor-post-navigation__link\">\n\t\t\t\t<a href=\"https:\/\/www.naturallook.it\/de\/blog\/mehr-als-nur-zahlen\/\" rel=\"next\"><span class=\"elementor-post-navigation__link__next\"><span class=\"post-navigation__next--label\">weiter<\/span><span class=\"post-navigation__next--title\">Mehr als nur Zahlen<\/span><\/span><span class=\"post-navigation__arrow-wrapper post-navigation__arrow-next\"><i class=\"fa fa-angle-right\" aria-hidden=\"true\"><\/i><span class=\"elementor-screen-only\">N\u00e4chster<\/span><\/span><\/a>\t\t\t<\/div>\n\t\t<\/div>\n\t\t\t\t\t\t<\/div>\n\t\t\t\t<\/div>\n\t\t\t\t\t<\/div>\n\t\t<\/div>\n\t\t\t\t\t<\/div>\n\t\t<\/section>\n\t\t\t\t<\/div>\n\t\t","protected":false},"excerpt":{"rendered":"<p>Der Mensch im Mittelpunkt Human Resources: Wertsch\u00f6pfung durch Talentf\u00f6rderung Die einschneidenden Ver\u00e4nderungen der letzten Jahre und die immer rasanteren Entwicklungen haben sich auch auf Unternehmen, deren Personalstruktur und \u2013 damit zusammenh\u00e4ngend \u2013 auf das Personalmanagement ausgewirkt. In der aktuellen Situation liegt die Hauptaufgabe einer HR-Abteilung verst\u00e4rkt darin, die F\u00e4higkeiten des Einzelnen zu erkennen und sie &hellip;<\/p>\n<p class=\"read-more\"> <a class=\"\" href=\"https:\/\/www.naturallook.it\/de\/blog\/der-mensch-im-mittelpunkt\/\"> <span class=\"screen-reader-text\">Der Mensch im Mittelpunkt<\/span> Weiterlesen &raquo;<\/a><\/p>\n","protected":false},"author":3,"featured_media":6459,"comment_status":"closed","ping_status":"closed","sticky":false,"template":"","format":"standard","meta":{"footnotes":""},"categories":[22],"tags":[],"class_list":["post-6457","post","type-post","status-publish","format-standard","has-post-thumbnail","hentry","category-blog"],"yoast_head":"<!-- This site is optimized with the Yoast SEO plugin v25.0 - https:\/\/yoast.com\/wordpress\/plugins\/seo\/ -->\n<title>Im Gespr\u00e4ch mit Albert Dorfmann, Chief People Officer von NaturalLook<\/title>\n<meta name=\"description\" content=\"Talentf\u00f6rderung, Fortbildungsma\u00dfnahmen und Corporate Benefits: Ein Blick in die Personalabteilung von NaturalLook\" \/>\n<meta name=\"robots\" content=\"index, follow, max-snippet:-1, max-image-preview:large, max-video-preview:-1\" \/>\n<link rel=\"canonical\" href=\"https:\/\/www.naturallook.it\/de\/blog\/der-mensch-im-mittelpunkt\/\" \/>\n<meta property=\"og:locale\" content=\"de_DE\" \/>\n<meta property=\"og:type\" content=\"article\" \/>\n<meta property=\"og:title\" content=\"Im Gespr\u00e4ch mit Albert Dorfmann, Chief People Officer von NaturalLook\" \/>\n<meta property=\"og:description\" content=\"Talentf\u00f6rderung, Fortbildungsma\u00dfnahmen und Corporate Benefits: Ein Blick in die Personalabteilung von NaturalLook\" \/>\n<meta property=\"og:url\" content=\"https:\/\/www.naturallook.it\/de\/blog\/der-mensch-im-mittelpunkt\/\" \/>\n<meta property=\"og:site_name\" content=\"Naturallook\" \/>\n<meta property=\"article:published_time\" content=\"2023-07-31T14:46:47+00:00\" \/>\n<meta property=\"article:modified_time\" content=\"2023-07-31T14:46:48+00:00\" \/>\n<meta property=\"og:image\" content=\"https:\/\/www.naturallook.it\/wp-content\/uploads\/2023\/07\/Andergassen-Druck-1033-1024x683.jpg\" \/>\n\t<meta property=\"og:image:width\" content=\"1024\" \/>\n\t<meta property=\"og:image:height\" content=\"683\" \/>\n\t<meta property=\"og:image:type\" content=\"image\/jpeg\" \/>\n<meta name=\"author\" content=\"lara\" \/>\n<meta name=\"twitter:card\" content=\"summary_large_image\" \/>\n<meta name=\"twitter:label1\" content=\"Verfasst von\" \/>\n\t<meta name=\"twitter:data1\" content=\"lara\" \/>\n\t<meta name=\"twitter:label2\" content=\"Gesch\u00e4tzte Lesezeit\" \/>\n\t<meta name=\"twitter:data2\" content=\"4\u00a0Minuten\" \/>\n<script type=\"application\/ld+json\" class=\"yoast-schema-graph\">{\"@context\":\"https:\/\/schema.org\",\"@graph\":[{\"@type\":\"Article\",\"@id\":\"https:\/\/www.naturallook.it\/de\/blog\/der-mensch-im-mittelpunkt\/#article\",\"isPartOf\":{\"@id\":\"https:\/\/www.naturallook.it\/de\/blog\/der-mensch-im-mittelpunkt\/\"},\"author\":{\"name\":\"lara\",\"@id\":\"https:\/\/www.naturallook.it\/de\/#\/schema\/person\/73724076e827d1a2bda18408d45c8b3e\"},\"headline\":\"Der Mensch im Mittelpunkt\",\"datePublished\":\"2023-07-31T14:46:47+00:00\",\"dateModified\":\"2023-07-31T14:46:48+00:00\",\"mainEntityOfPage\":{\"@id\":\"https:\/\/www.naturallook.it\/de\/blog\/der-mensch-im-mittelpunkt\/\"},\"wordCount\":808,\"publisher\":{\"@id\":\"https:\/\/www.naturallook.it\/de\/#organization\"},\"image\":{\"@id\":\"https:\/\/www.naturallook.it\/de\/blog\/der-mensch-im-mittelpunkt\/#primaryimage\"},\"thumbnailUrl\":\"https:\/\/www.naturallook.it\/wp-content\/uploads\/2023\/07\/Andergassen-Druck-1033.jpg\",\"articleSection\":[\"blog\"],\"inLanguage\":\"de\"},{\"@type\":\"WebPage\",\"@id\":\"https:\/\/www.naturallook.it\/de\/blog\/der-mensch-im-mittelpunkt\/\",\"url\":\"https:\/\/www.naturallook.it\/de\/blog\/der-mensch-im-mittelpunkt\/\",\"name\":\"Im Gespr\u00e4ch mit Albert Dorfmann, Chief People Officer von NaturalLook\",\"isPartOf\":{\"@id\":\"https:\/\/www.naturallook.it\/de\/#website\"},\"primaryImageOfPage\":{\"@id\":\"https:\/\/www.naturallook.it\/de\/blog\/der-mensch-im-mittelpunkt\/#primaryimage\"},\"image\":{\"@id\":\"https:\/\/www.naturallook.it\/de\/blog\/der-mensch-im-mittelpunkt\/#primaryimage\"},\"thumbnailUrl\":\"https:\/\/www.naturallook.it\/wp-content\/uploads\/2023\/07\/Andergassen-Druck-1033.jpg\",\"datePublished\":\"2023-07-31T14:46:47+00:00\",\"dateModified\":\"2023-07-31T14:46:48+00:00\",\"description\":\"Talentf\u00f6rderung, Fortbildungsma\u00dfnahmen und Corporate Benefits: Ein Blick in die Personalabteilung von NaturalLook\",\"breadcrumb\":{\"@id\":\"https:\/\/www.naturallook.it\/de\/blog\/der-mensch-im-mittelpunkt\/#breadcrumb\"},\"inLanguage\":\"de\",\"potentialAction\":[{\"@type\":\"ReadAction\",\"target\":[\"https:\/\/www.naturallook.it\/de\/blog\/der-mensch-im-mittelpunkt\/\"]}]},{\"@type\":\"ImageObject\",\"inLanguage\":\"de\",\"@id\":\"https:\/\/www.naturallook.it\/de\/blog\/der-mensch-im-mittelpunkt\/#primaryimage\",\"url\":\"https:\/\/www.naturallook.it\/wp-content\/uploads\/2023\/07\/Andergassen-Druck-1033.jpg\",\"contentUrl\":\"https:\/\/www.naturallook.it\/wp-content\/uploads\/2023\/07\/Andergassen-Druck-1033.jpg\",\"width\":8000,\"height\":5336},{\"@type\":\"BreadcrumbList\",\"@id\":\"https:\/\/www.naturallook.it\/de\/blog\/der-mensch-im-mittelpunkt\/#breadcrumb\",\"itemListElement\":[{\"@type\":\"ListItem\",\"position\":1,\"name\":\"Startseite\",\"item\":\"https:\/\/www.naturallook.it\/de\/\"},{\"@type\":\"ListItem\",\"position\":2,\"name\":\"Der Mensch im Mittelpunkt\"}]},{\"@type\":\"WebSite\",\"@id\":\"https:\/\/www.naturallook.it\/de\/#website\",\"url\":\"https:\/\/www.naturallook.it\/de\/\",\"name\":\"Naturallook\",\"description\":\"\",\"publisher\":{\"@id\":\"https:\/\/www.naturallook.it\/de\/#organization\"},\"potentialAction\":[{\"@type\":\"SearchAction\",\"target\":{\"@type\":\"EntryPoint\",\"urlTemplate\":\"https:\/\/www.naturallook.it\/de\/?s={search_term_string}\"},\"query-input\":{\"@type\":\"PropertyValueSpecification\",\"valueRequired\":true,\"valueName\":\"search_term_string\"}}],\"inLanguage\":\"de\"},{\"@type\":\"Organization\",\"@id\":\"https:\/\/www.naturallook.it\/de\/#organization\",\"name\":\"Naturallook\",\"url\":\"https:\/\/www.naturallook.it\/de\/\",\"logo\":{\"@type\":\"ImageObject\",\"inLanguage\":\"de\",\"@id\":\"https:\/\/www.naturallook.it\/de\/#\/schema\/logo\/image\/\",\"url\":\"https:\/\/www.naturallook.it\/wp-content\/uploads\/2021\/07\/cropped-logo.png\",\"contentUrl\":\"https:\/\/www.naturallook.it\/wp-content\/uploads\/2021\/07\/cropped-logo.png\",\"width\":247,\"height\":82,\"caption\":\"Naturallook\"},\"image\":{\"@id\":\"https:\/\/www.naturallook.it\/de\/#\/schema\/logo\/image\/\"}},{\"@type\":\"Person\",\"@id\":\"https:\/\/www.naturallook.it\/de\/#\/schema\/person\/73724076e827d1a2bda18408d45c8b3e\",\"name\":\"lara\",\"url\":\"https:\/\/www.naturallook.it\/de\/blog\/author\/lara\/\"}]}<\/script>\n<!-- \/ Yoast SEO plugin. -->","yoast_head_json":{"title":"Im Gespr\u00e4ch mit Albert Dorfmann, Chief People Officer von NaturalLook","description":"Talentf\u00f6rderung, Fortbildungsma\u00dfnahmen und Corporate Benefits: Ein Blick in die Personalabteilung von NaturalLook","robots":{"index":"index","follow":"follow","max-snippet":"max-snippet:-1","max-image-preview":"max-image-preview:large","max-video-preview":"max-video-preview:-1"},"canonical":"https:\/\/www.naturallook.it\/de\/blog\/der-mensch-im-mittelpunkt\/","og_locale":"de_DE","og_type":"article","og_title":"Im Gespr\u00e4ch mit Albert Dorfmann, Chief People Officer von NaturalLook","og_description":"Talentf\u00f6rderung, Fortbildungsma\u00dfnahmen und Corporate Benefits: Ein Blick in die Personalabteilung von NaturalLook","og_url":"https:\/\/www.naturallook.it\/de\/blog\/der-mensch-im-mittelpunkt\/","og_site_name":"Naturallook","article_published_time":"2023-07-31T14:46:47+00:00","article_modified_time":"2023-07-31T14:46:48+00:00","og_image":[{"width":1024,"height":683,"url":"https:\/\/www.naturallook.it\/wp-content\/uploads\/2023\/07\/Andergassen-Druck-1033-1024x683.jpg","type":"image\/jpeg"}],"author":"lara","twitter_card":"summary_large_image","twitter_misc":{"Verfasst von":"lara","Gesch\u00e4tzte Lesezeit":"4\u00a0Minuten"},"schema":{"@context":"https:\/\/schema.org","@graph":[{"@type":"Article","@id":"https:\/\/www.naturallook.it\/de\/blog\/der-mensch-im-mittelpunkt\/#article","isPartOf":{"@id":"https:\/\/www.naturallook.it\/de\/blog\/der-mensch-im-mittelpunkt\/"},"author":{"name":"lara","@id":"https:\/\/www.naturallook.it\/de\/#\/schema\/person\/73724076e827d1a2bda18408d45c8b3e"},"headline":"Der Mensch im Mittelpunkt","datePublished":"2023-07-31T14:46:47+00:00","dateModified":"2023-07-31T14:46:48+00:00","mainEntityOfPage":{"@id":"https:\/\/www.naturallook.it\/de\/blog\/der-mensch-im-mittelpunkt\/"},"wordCount":808,"publisher":{"@id":"https:\/\/www.naturallook.it\/de\/#organization"},"image":{"@id":"https:\/\/www.naturallook.it\/de\/blog\/der-mensch-im-mittelpunkt\/#primaryimage"},"thumbnailUrl":"https:\/\/www.naturallook.it\/wp-content\/uploads\/2023\/07\/Andergassen-Druck-1033.jpg","articleSection":["blog"],"inLanguage":"de"},{"@type":"WebPage","@id":"https:\/\/www.naturallook.it\/de\/blog\/der-mensch-im-mittelpunkt\/","url":"https:\/\/www.naturallook.it\/de\/blog\/der-mensch-im-mittelpunkt\/","name":"Im Gespr\u00e4ch mit Albert Dorfmann, Chief People Officer von NaturalLook","isPartOf":{"@id":"https:\/\/www.naturallook.it\/de\/#website"},"primaryImageOfPage":{"@id":"https:\/\/www.naturallook.it\/de\/blog\/der-mensch-im-mittelpunkt\/#primaryimage"},"image":{"@id":"https:\/\/www.naturallook.it\/de\/blog\/der-mensch-im-mittelpunkt\/#primaryimage"},"thumbnailUrl":"https:\/\/www.naturallook.it\/wp-content\/uploads\/2023\/07\/Andergassen-Druck-1033.jpg","datePublished":"2023-07-31T14:46:47+00:00","dateModified":"2023-07-31T14:46:48+00:00","description":"Talentf\u00f6rderung, Fortbildungsma\u00dfnahmen und Corporate Benefits: Ein Blick in die Personalabteilung von NaturalLook","breadcrumb":{"@id":"https:\/\/www.naturallook.it\/de\/blog\/der-mensch-im-mittelpunkt\/#breadcrumb"},"inLanguage":"de","potentialAction":[{"@type":"ReadAction","target":["https:\/\/www.naturallook.it\/de\/blog\/der-mensch-im-mittelpunkt\/"]}]},{"@type":"ImageObject","inLanguage":"de","@id":"https:\/\/www.naturallook.it\/de\/blog\/der-mensch-im-mittelpunkt\/#primaryimage","url":"https:\/\/www.naturallook.it\/wp-content\/uploads\/2023\/07\/Andergassen-Druck-1033.jpg","contentUrl":"https:\/\/www.naturallook.it\/wp-content\/uploads\/2023\/07\/Andergassen-Druck-1033.jpg","width":8000,"height":5336},{"@type":"BreadcrumbList","@id":"https:\/\/www.naturallook.it\/de\/blog\/der-mensch-im-mittelpunkt\/#breadcrumb","itemListElement":[{"@type":"ListItem","position":1,"name":"Startseite","item":"https:\/\/www.naturallook.it\/de\/"},{"@type":"ListItem","position":2,"name":"Der Mensch im Mittelpunkt"}]},{"@type":"WebSite","@id":"https:\/\/www.naturallook.it\/de\/#website","url":"https:\/\/www.naturallook.it\/de\/","name":"Naturallook","description":"","publisher":{"@id":"https:\/\/www.naturallook.it\/de\/#organization"},"potentialAction":[{"@type":"SearchAction","target":{"@type":"EntryPoint","urlTemplate":"https:\/\/www.naturallook.it\/de\/?s={search_term_string}"},"query-input":{"@type":"PropertyValueSpecification","valueRequired":true,"valueName":"search_term_string"}}],"inLanguage":"de"},{"@type":"Organization","@id":"https:\/\/www.naturallook.it\/de\/#organization","name":"Naturallook","url":"https:\/\/www.naturallook.it\/de\/","logo":{"@type":"ImageObject","inLanguage":"de","@id":"https:\/\/www.naturallook.it\/de\/#\/schema\/logo\/image\/","url":"https:\/\/www.naturallook.it\/wp-content\/uploads\/2021\/07\/cropped-logo.png","contentUrl":"https:\/\/www.naturallook.it\/wp-content\/uploads\/2021\/07\/cropped-logo.png","width":247,"height":82,"caption":"Naturallook"},"image":{"@id":"https:\/\/www.naturallook.it\/de\/#\/schema\/logo\/image\/"}},{"@type":"Person","@id":"https:\/\/www.naturallook.it\/de\/#\/schema\/person\/73724076e827d1a2bda18408d45c8b3e","name":"lara","url":"https:\/\/www.naturallook.it\/de\/blog\/author\/lara\/"}]}},"_links":{"self":[{"href":"https:\/\/www.naturallook.it\/de\/wp-json\/wp\/v2\/posts\/6457","targetHints":{"allow":["GET"]}}],"collection":[{"href":"https:\/\/www.naturallook.it\/de\/wp-json\/wp\/v2\/posts"}],"about":[{"href":"https:\/\/www.naturallook.it\/de\/wp-json\/wp\/v2\/types\/post"}],"author":[{"embeddable":true,"href":"https:\/\/www.naturallook.it\/de\/wp-json\/wp\/v2\/users\/3"}],"replies":[{"embeddable":true,"href":"https:\/\/www.naturallook.it\/de\/wp-json\/wp\/v2\/comments?post=6457"}],"version-history":[{"count":24,"href":"https:\/\/www.naturallook.it\/de\/wp-json\/wp\/v2\/posts\/6457\/revisions"}],"predecessor-version":[{"id":6490,"href":"https:\/\/www.naturallook.it\/de\/wp-json\/wp\/v2\/posts\/6457\/revisions\/6490"}],"wp:featuredmedia":[{"embeddable":true,"href":"https:\/\/www.naturallook.it\/de\/wp-json\/wp\/v2\/media\/6459"}],"wp:attachment":[{"href":"https:\/\/www.naturallook.it\/de\/wp-json\/wp\/v2\/media?parent=6457"}],"wp:term":[{"taxonomy":"category","embeddable":true,"href":"https:\/\/www.naturallook.it\/de\/wp-json\/wp\/v2\/categories?post=6457"},{"taxonomy":"post_tag","embeddable":true,"href":"https:\/\/www.naturallook.it\/de\/wp-json\/wp\/v2\/tags?post=6457"}],"curies":[{"name":"wp","href":"https:\/\/api.w.org\/{rel}","templated":true}]}}