{"id":6238,"date":"2023-05-26T09:09:09","date_gmt":"2023-05-26T07:09:09","guid":{"rendered":"https:\/\/www.naturallook.it\/?p=6238"},"modified":"2023-06-07T15:39:12","modified_gmt":"2023-06-07T13:39:12","slug":"zwischen-flexibilitaet-und-innovation","status":"publish","type":"post","link":"https:\/\/www.naturallook.it\/de\/blog\/zwischen-flexibilitaet-und-innovation\/","title":{"rendered":"Zwischen Flexibilit\u00e4t und Innovation"},"content":{"rendered":"\t\t<div data-elementor-type=\"wp-post\" data-elementor-id=\"6238\" class=\"elementor elementor-6238\" data-elementor-post-type=\"post\">\n\t\t\t\t\t\t<section class=\"elementor-section elementor-top-section elementor-element elementor-element-2d9ddcb0 elementor-section-full_width elementor-section-height-min-height elementor-section-height-default elementor-section-items-middle\" data-id=\"2d9ddcb0\" data-element_type=\"section\" data-settings=\"{&quot;background_background&quot;:&quot;classic&quot;}\">\n\t\t\t\t\t\t<div class=\"elementor-container elementor-column-gap-default\">\n\t\t\t\t\t<div class=\"elementor-column elementor-col-100 elementor-top-column elementor-element elementor-element-61ee9c30\" data-id=\"61ee9c30\" data-element_type=\"column\">\n\t\t\t<div class=\"elementor-widget-wrap\">\n\t\t\t\t\t\t\t<\/div>\n\t\t<\/div>\n\t\t\t\t\t<\/div>\n\t\t<\/section>\n\t\t\t\t<section class=\"elementor-section elementor-top-section elementor-element elementor-element-4785d90f elementor-section-boxed elementor-section-height-default elementor-section-height-default\" data-id=\"4785d90f\" data-element_type=\"section\">\n\t\t\t\t\t\t<div class=\"elementor-container elementor-column-gap-default\">\n\t\t\t\t\t<div class=\"elementor-column elementor-col-100 elementor-top-column elementor-element elementor-element-46d9fb33\" data-id=\"46d9fb33\" data-element_type=\"column\">\n\t\t\t<div class=\"elementor-widget-wrap elementor-element-populated\">\n\t\t\t\t\t\t<div class=\"elementor-element elementor-element-36a8eaa3 elementor-widget elementor-widget-text-editor\" data-id=\"36a8eaa3\" data-element_type=\"widget\" data-widget_type=\"text-editor.default\">\n\t\t\t\t<div class=\"elementor-widget-container\">\n\t\t\t\t\t\t\t\t\t<h1>Zwischen Flexibilit\u00e4t und Innovation<\/h1>\t\t\t\t\t\t\t\t<\/div>\n\t\t\t\t<\/div>\n\t\t\t\t<div class=\"elementor-element elementor-element-492e7bdb elementor-widget elementor-widget-text-editor\" data-id=\"492e7bdb\" data-element_type=\"widget\" data-widget_type=\"text-editor.default\">\n\t\t\t\t<div class=\"elementor-widget-container\">\n\t\t\t\t\t\t\t\t\t<h2>Wenn Unternehmenswachstum und Digitalisierung Hand in Hand gehen<\/h2>\t\t\t\t\t\t\t\t<\/div>\n\t\t\t\t<\/div>\n\t\t\t\t<div class=\"elementor-element elementor-element-2881e09e elementor-widget elementor-widget-text-editor\" data-id=\"2881e09e\" data-element_type=\"widget\" data-widget_type=\"text-editor.default\">\n\t\t\t\t<div class=\"elementor-widget-container\">\n\t\t\t\t\t\t\t\t\t<p><b>Die Zeiten, in denen sich die IT-Abteilung nur mit der Auswahl von Hardware, der Installation von Software und der Behebung von Ger\u00e4teproblemen auseinandersetzte, sind l\u00e4ngst vorbei. Obwohl diese Aufgaben sehr wohl in den Zust\u00e4ndigkeitsbereich der Technologie-Fachleute fallen, wird von der IT-Abteilung mittlerweile auch erwartet, das Unternehmen mit einer immer st\u00e4rker in die Leistungen des Unternehmens einflie\u00dfenden digitalen Architektur auszustatten. So ist es zum Beispiel wesentlich, bestimmte Abl\u00e4ufe zu automatisieren, um die Gesamteffizienz eines Unternehmens zu steigern. Wie sieht so eine Umstellung in der Praxis aus? Wir haben mit Fabrizio Tellan, Chief Information Officer (CIO) bei NaturalLook, dar\u00fcber gesprochen.<\/b><\/p><p><b>\u00a0<\/b><\/p><p><b>\u00a0<\/b><\/p>\t\t\t\t\t\t\t\t<\/div>\n\t\t\t\t<\/div>\n\t\t\t\t<div class=\"elementor-element elementor-element-6ce63243 elementor-widget elementor-widget-text-editor\" data-id=\"6ce63243\" data-element_type=\"widget\" data-widget_type=\"text-editor.default\">\n\t\t\t\t<div class=\"elementor-widget-container\">\n\t\t\t\t\t\t\t\t\t<p><i><b>W<\/b><\/i><b><i>ie schafft man es, in der Verwaltung einer so gro\u00dfen Struktur stets auf dem Laufenden mit neuen Technologien zu bleiben?<\/i><\/b><\/p><p>\u00a0<\/p><p>\u201eDie IT-Abteilung ist zu einem aktiven Bestandteil einer neuen Unternehmensart geworden, die auf ein innovatives Wirtschaftsmodell setzt. Daf\u00fcr braucht es einen strategischen Ansatz, der es erm\u00f6glicht, eine neue Vision zu schaffen und die verf\u00fcgbaren Mittel dieser anzupassen. Die digitale Verwandlung bringt nicht nur technologische und verwaltungstechnische Innovationen mit sich, sondern auch soziale, kulturelle und \u2013 ganz besonders \u2013 arbeitsorganisatorische Neuerungen.\u00a0<span style=\"font-style: inherit; font-weight: inherit; color: var( --e-global-color-text ); letter-spacing: var( --e-global-typography-text-letter-spacing );\">Unsere Abteilung muss die Ziele und den Kontext des Unternehmens in- und auswendig kennen, um einen passenden Support mit digitalen Innovationen bieten zu k\u00f6nnen. Einerseits arbeiten wir sehr pr\u00e4zise, achten auf Budgets, Ziele und Deadlines, andererseits m\u00fcssen wir aber auch sehr schnell handeln k\u00f6nnen.<br \/><br \/><\/span><span style=\"font-style: inherit; font-weight: inherit; color: var( --e-global-color-text ); letter-spacing: var( --e-global-typography-text-letter-spacing );\">Gesch\u00e4ftsprozesse brauchen grunds\u00e4tzlich etwas l\u00e4nger, sich Ver\u00e4nderungen anzupassen \u2013 die beste Strategie ist es also, kleine Erfolge anzusteuern: klare Meilensteine, funktionale Implementierungen und praktische Initiativen, die bereits nach wenigen Monaten greifbare Ergebnisse erzielen.\u201c<\/span><\/p>\t\t\t\t\t\t\t\t<\/div>\n\t\t\t\t<\/div>\n\t\t\t\t<div class=\"elementor-element elementor-element-43017d0e elementor-widget elementor-widget-image\" data-id=\"43017d0e\" data-element_type=\"widget\" data-widget_type=\"image.default\">\n\t\t\t\t<div class=\"elementor-widget-container\">\n\t\t\t\t\t\t\t\t\t\t\t\t\t\t\t<img fetchpriority=\"high\" decoding=\"async\" width=\"2560\" height=\"1707\" src=\"https:\/\/www.naturallook.it\/wp-content\/uploads\/2023\/05\/DSC_0050-scaled.jpg\" class=\"attachment-full size-full wp-image-6324\" alt=\"\" srcset=\"https:\/\/www.naturallook.it\/wp-content\/uploads\/2023\/05\/DSC_0050-scaled.jpg 2560w, https:\/\/www.naturallook.it\/wp-content\/uploads\/2023\/05\/DSC_0050-300x200.jpg 300w, https:\/\/www.naturallook.it\/wp-content\/uploads\/2023\/05\/DSC_0050-1024x683.jpg 1024w, https:\/\/www.naturallook.it\/wp-content\/uploads\/2023\/05\/DSC_0050-768x512.jpg 768w, https:\/\/www.naturallook.it\/wp-content\/uploads\/2023\/05\/DSC_0050-1536x1024.jpg 1536w, https:\/\/www.naturallook.it\/wp-content\/uploads\/2023\/05\/DSC_0050-2048x1365.jpg 2048w\" sizes=\"(max-width: 2560px) 100vw, 2560px\" \/>\t\t\t\t\t\t\t\t\t\t\t\t\t\t\t<\/div>\n\t\t\t\t<\/div>\n\t\t\t\t<div class=\"elementor-element elementor-element-724cfeb9 elementor-widget elementor-widget-text-editor\" data-id=\"724cfeb9\" data-element_type=\"widget\" data-widget_type=\"text-editor.default\">\n\t\t\t\t<div class=\"elementor-widget-container\">\n\t\t\t\t\t\t\t\t\t<p><b><i>Welche Tools haben das IT-System von NaturalLook \u2013 und damit auch die Unternehmensstrategie \u2013 in den letzten Jahren revolutioniert?<\/i><\/b><\/p><p>\u00a0<\/p><p>\u201eSchon seit Jahren ist unser Dogma die Virtualisierung. In den letzten Jahren haben wir damit angefangen, physische Ressourcen umzuwandeln: Server, Archivierung und Desktops sind nun abstrakte Daten, die digital abgerufen werden k\u00f6nnen. Au\u00dferdem haben wir die Abl\u00e4ufe gestrafft, damit wir effizienter und flexibler handeln k\u00f6nnen. Mit dieser Umstellung haben wir schon vor einiger Zeit begonnen: Sie hat es uns erm\u00f6glicht, Unvorhergesehenes \u2013 wie beispielsweise die Anpassung unseres Systems an Remote Working \u2013 flott bew\u00e4ltigen zu k\u00f6nnen.\u201c<\/p><p>\u00a0<\/p><p>Eine rundum autonome Abteilung, die jedoch in st\u00e4ndigem Austausch mit den verschiedenen Unternehmensbereichen stehen muss, um die Erfordernisse des Teams erf\u00fcllen und neue Implementierungen umsetzen zu k\u00f6nnen.<\/p><p>\u00a0<\/p><p>Neue Technologien und erneuerte Prozesse erm\u00f6glichen es den Abteilungen von NaturalLook demnach, qualitativ hochwertige Leistungen zu erbringen.<\/p><p>\u00a0<\/p><p>\u00a0<\/p><p><b><i>Outsourcing oder inhouse: Welche L\u00f6sung ist effizienter?<\/i><\/b><\/p><p>\u00a0<\/p><p>\u201eBeim Outsourcing ist die Wahl eines zuverl\u00e4ssigen technologischen Partners die wohl schwierigste Entscheidung. Bei NaturalLook bevorzugen wir eine gemischte Variante: Einige Aufgaben vertrauen wir externen Fachleuten an, aber um das Management und die Koordination der Projekte k\u00fcmmern wir uns inhouse.\u201c<\/p><p>\u00a0<\/p>\t\t\t\t\t\t\t\t<\/div>\n\t\t\t\t<\/div>\n\t\t\t\t<div class=\"elementor-element elementor-element-520186a9 elementor-widget elementor-widget-text-editor\" data-id=\"520186a9\" data-element_type=\"widget\" data-widget_type=\"text-editor.default\">\n\t\t\t\t<div class=\"elementor-widget-container\">\n\t\t\t\t\t\t\t\t\t<p><b><i>Datenschutz ist ein sensibles Thema. Wie geht NaturalLook damit um? <\/i><\/b><\/p><p>\u00a0<\/p><p>\u201eDatensicherheit ist nicht nur ein technologischer Aspekt, sie bezieht sich auf viele verschiedene Gebiete. Wir sensibilisieren unsere MitarbeiterInnen dahingehend, dass der sichere Umgang mit dem Computer nicht nur als Schutzma\u00dfnahme wahrgenommen wird, sondern als soziale F\u00e4higkeit \u2013 ein bewusster Umgang sowohl mit den eigenen Daten als auch mit allt\u00e4glichen Werkzeugen.\u201c<\/p><p>\u00a0<\/p><p>Information Technology: Eine Schl\u00fcsselrolle im Unternehmenswachstum, die zudem die Bedeutsamkeit der Technologie f\u00fcr die Innovation, die Effizienz und die Optimierung des Arbeitsalltags widerspiegelt.<\/p>\t\t\t\t\t\t\t\t<\/div>\n\t\t\t\t<\/div>\n\t\t\t\t\t<\/div>\n\t\t<\/div>\n\t\t\t\t\t<\/div>\n\t\t<\/section>\n\t\t\t\t<section class=\"elementor-section elementor-top-section elementor-element elementor-element-63ed51e3 elementor-section-boxed elementor-section-height-default elementor-section-height-default\" data-id=\"63ed51e3\" data-element_type=\"section\">\n\t\t\t\t\t\t<div class=\"elementor-container elementor-column-gap-default\">\n\t\t\t\t\t<div class=\"elementor-column elementor-col-100 elementor-top-column elementor-element elementor-element-3791344e\" data-id=\"3791344e\" data-element_type=\"column\">\n\t\t\t<div class=\"elementor-widget-wrap elementor-element-populated\">\n\t\t\t\t\t\t<div class=\"elementor-element elementor-element-50bd19fa elementor-widget elementor-widget-post-info\" data-id=\"50bd19fa\" data-element_type=\"widget\" data-widget_type=\"post-info.default\">\n\t\t\t\t<div class=\"elementor-widget-container\">\n\t\t\t\t\t\t\t<ul class=\"elementor-inline-items elementor-icon-list-items elementor-post-info\">\n\t\t\t\t\t\t\t\t<li class=\"elementor-icon-list-item elementor-repeater-item-89f0d2d elementor-inline-item\" itemprop=\"datePublished\">\n\t\t\t\t\t\t<a href=\"https:\/\/www.naturallook.it\/de\/blog\/2023\/05\/26\/\">\n\t\t\t\t\t\t\t\t\t\t\t\t\t\t<span class=\"elementor-icon-list-text elementor-post-info__item elementor-post-info__item--type-date\">\n\t\t\t\t\t\t\t\t\t\t<time>Mai 26, 2023<\/time>\t\t\t\t\t<\/span>\n\t\t\t\t\t\t\t\t\t<\/a>\n\t\t\t\t<\/li>\n\t\t\t\t<\/ul>\n\t\t\t\t\t\t<\/div>\n\t\t\t\t<\/div>\n\t\t\t\t\t<\/div>\n\t\t<\/div>\n\t\t\t\t\t<\/div>\n\t\t<\/section>\n\t\t\t\t<section class=\"elementor-section elementor-top-section elementor-element elementor-element-336535c0 elementor-section-boxed elementor-section-height-default elementor-section-height-default\" data-id=\"336535c0\" data-element_type=\"section\">\n\t\t\t\t\t\t<div class=\"elementor-container elementor-column-gap-default\">\n\t\t\t\t\t<div class=\"elementor-column elementor-col-100 elementor-top-column elementor-element elementor-element-6443abd4\" data-id=\"6443abd4\" data-element_type=\"column\">\n\t\t\t<div class=\"elementor-widget-wrap elementor-element-populated\">\n\t\t\t\t\t\t<div class=\"elementor-element elementor-element-4045c424 elementor-widget elementor-widget-post-navigation\" data-id=\"4045c424\" data-element_type=\"widget\" data-widget_type=\"post-navigation.default\">\n\t\t\t\t<div class=\"elementor-widget-container\">\n\t\t\t\t\t\t\t<div class=\"elementor-post-navigation\">\n\t\t\t<div class=\"elementor-post-navigation__prev elementor-post-navigation__link\">\n\t\t\t\t<a href=\"https:\/\/www.naturallook.it\/de\/blog\/das-produkt-im-fokus\/\" rel=\"prev\"><span class=\"post-navigation__arrow-wrapper post-navigation__arrow-prev\"><i class=\"fa fa-angle-left\" aria-hidden=\"true\"><\/i><span class=\"elementor-screen-only\">Zur\u00fcck<\/span><\/span><span class=\"elementor-post-navigation__link__prev\"><span class=\"post-navigation__prev--label\">zur\u00fcck<\/span><span class=\"post-navigation__prev--title\">Das Produkt im Fokus<\/span><\/span><\/a>\t\t\t<\/div>\n\t\t\t\t\t\t<div class=\"elementor-post-navigation__next elementor-post-navigation__link\">\n\t\t\t\t<a href=\"https:\/\/www.naturallook.it\/de\/blog\/alles-fliesst\/\" rel=\"next\"><span class=\"elementor-post-navigation__link__next\"><span class=\"post-navigation__next--label\">weiter<\/span><span class=\"post-navigation__next--title\">Alles flie\u00dft<\/span><\/span><span class=\"post-navigation__arrow-wrapper post-navigation__arrow-next\"><i class=\"fa fa-angle-right\" aria-hidden=\"true\"><\/i><span class=\"elementor-screen-only\">N\u00e4chster<\/span><\/span><\/a>\t\t\t<\/div>\n\t\t<\/div>\n\t\t\t\t\t\t<\/div>\n\t\t\t\t<\/div>\n\t\t\t\t\t<\/div>\n\t\t<\/div>\n\t\t\t\t\t<\/div>\n\t\t<\/section>\n\t\t\t\t<\/div>\n\t\t","protected":false},"excerpt":{"rendered":"<p>Zwischen Flexibilit\u00e4t und Innovation Wenn Unternehmenswachstum und Digitalisierung Hand in Hand gehen Die Zeiten, in denen sich die IT-Abteilung nur mit der Auswahl von Hardware, der Installation von Software und der Behebung von Ger\u00e4teproblemen auseinandersetzte, sind l\u00e4ngst vorbei. Obwohl diese Aufgaben sehr wohl in den Zust\u00e4ndigkeitsbereich der Technologie-Fachleute fallen, wird von der IT-Abteilung mittlerweile auch &hellip;<\/p>\n<p class=\"read-more\"> <a class=\"\" href=\"https:\/\/www.naturallook.it\/de\/blog\/zwischen-flexibilitaet-und-innovation\/\"> <span class=\"screen-reader-text\">Zwischen Flexibilit\u00e4t und Innovation<\/span> Weiterlesen &raquo;<\/a><\/p>\n","protected":false},"author":3,"featured_media":6344,"comment_status":"closed","ping_status":"closed","sticky":false,"template":"","format":"standard","meta":{"footnotes":""},"categories":[22],"tags":[],"class_list":["post-6238","post","type-post","status-publish","format-standard","has-post-thumbnail","hentry","category-blog"],"yoast_head":"<!-- This site is optimized with the Yoast SEO plugin v25.0 - https:\/\/yoast.com\/wordpress\/plugins\/seo\/ -->\n<title>Im Gespr\u00e4ch mit Fabrizio Tellan \u00fcber Digitalisierung und Innovation<\/title>\n<meta name=\"description\" content=\"Technologie und Innovation, Sicherheit und Funktionalit\u00e4t: Die IT-Abteilung von NaturalLook und ihre Rolle im Unternehmenswachstum. Klick dich rein!\" \/>\n<meta name=\"robots\" content=\"index, follow, max-snippet:-1, max-image-preview:large, max-video-preview:-1\" \/>\n<link rel=\"canonical\" href=\"https:\/\/www.naturallook.it\/de\/blog\/zwischen-flexibilitaet-und-innovation\/\" \/>\n<meta property=\"og:locale\" content=\"de_DE\" \/>\n<meta property=\"og:type\" content=\"article\" \/>\n<meta property=\"og:title\" content=\"Im Gespr\u00e4ch mit Fabrizio Tellan \u00fcber Digitalisierung und Innovation\" \/>\n<meta property=\"og:description\" content=\"Technologie und Innovation, Sicherheit und Funktionalit\u00e4t: Die IT-Abteilung von NaturalLook und ihre Rolle im Unternehmenswachstum. Klick dich rein!\" \/>\n<meta property=\"og:url\" content=\"https:\/\/www.naturallook.it\/de\/blog\/zwischen-flexibilitaet-und-innovation\/\" \/>\n<meta property=\"og:site_name\" content=\"Naturallook\" \/>\n<meta property=\"article:published_time\" content=\"2023-05-26T07:09:09+00:00\" \/>\n<meta property=\"article:modified_time\" content=\"2023-06-07T13:39:12+00:00\" \/>\n<meta property=\"og:image\" content=\"https:\/\/www.naturallook.it\/wp-content\/uploads\/2023\/05\/Andergassen-Druck-1031-2-1024x683.jpg\" \/>\n\t<meta property=\"og:image:width\" content=\"1024\" \/>\n\t<meta property=\"og:image:height\" content=\"683\" \/>\n\t<meta property=\"og:image:type\" content=\"image\/jpeg\" \/>\n<meta name=\"author\" content=\"lara\" \/>\n<meta name=\"twitter:card\" content=\"summary_large_image\" \/>\n<meta name=\"twitter:label1\" content=\"Verfasst von\" \/>\n\t<meta name=\"twitter:data1\" content=\"lara\" \/>\n\t<meta name=\"twitter:label2\" content=\"Gesch\u00e4tzte Lesezeit\" \/>\n\t<meta name=\"twitter:data2\" content=\"3\u00a0Minuten\" \/>\n<script type=\"application\/ld+json\" class=\"yoast-schema-graph\">{\"@context\":\"https:\/\/schema.org\",\"@graph\":[{\"@type\":\"Article\",\"@id\":\"https:\/\/www.naturallook.it\/de\/blog\/zwischen-flexibilitaet-und-innovation\/#article\",\"isPartOf\":{\"@id\":\"https:\/\/www.naturallook.it\/de\/blog\/zwischen-flexibilitaet-und-innovation\/\"},\"author\":{\"name\":\"lara\",\"@id\":\"https:\/\/www.naturallook.it\/de\/#\/schema\/person\/73724076e827d1a2bda18408d45c8b3e\"},\"headline\":\"Zwischen Flexibilit\u00e4t und Innovation\",\"datePublished\":\"2023-05-26T07:09:09+00:00\",\"dateModified\":\"2023-06-07T13:39:12+00:00\",\"mainEntityOfPage\":{\"@id\":\"https:\/\/www.naturallook.it\/de\/blog\/zwischen-flexibilitaet-und-innovation\/\"},\"wordCount\":576,\"publisher\":{\"@id\":\"https:\/\/www.naturallook.it\/de\/#organization\"},\"image\":{\"@id\":\"https:\/\/www.naturallook.it\/de\/blog\/zwischen-flexibilitaet-und-innovation\/#primaryimage\"},\"thumbnailUrl\":\"https:\/\/www.naturallook.it\/wp-content\/uploads\/2023\/05\/Andergassen-Druck-1031-2.jpg\",\"articleSection\":[\"blog\"],\"inLanguage\":\"de\"},{\"@type\":\"WebPage\",\"@id\":\"https:\/\/www.naturallook.it\/de\/blog\/zwischen-flexibilitaet-und-innovation\/\",\"url\":\"https:\/\/www.naturallook.it\/de\/blog\/zwischen-flexibilitaet-und-innovation\/\",\"name\":\"Im Gespr\u00e4ch mit Fabrizio Tellan \u00fcber Digitalisierung und Innovation\",\"isPartOf\":{\"@id\":\"https:\/\/www.naturallook.it\/de\/#website\"},\"primaryImageOfPage\":{\"@id\":\"https:\/\/www.naturallook.it\/de\/blog\/zwischen-flexibilitaet-und-innovation\/#primaryimage\"},\"image\":{\"@id\":\"https:\/\/www.naturallook.it\/de\/blog\/zwischen-flexibilitaet-und-innovation\/#primaryimage\"},\"thumbnailUrl\":\"https:\/\/www.naturallook.it\/wp-content\/uploads\/2023\/05\/Andergassen-Druck-1031-2.jpg\",\"datePublished\":\"2023-05-26T07:09:09+00:00\",\"dateModified\":\"2023-06-07T13:39:12+00:00\",\"description\":\"Technologie und Innovation, Sicherheit und Funktionalit\u00e4t: Die IT-Abteilung von NaturalLook und ihre Rolle im Unternehmenswachstum. Klick dich rein!\",\"breadcrumb\":{\"@id\":\"https:\/\/www.naturallook.it\/de\/blog\/zwischen-flexibilitaet-und-innovation\/#breadcrumb\"},\"inLanguage\":\"de\",\"potentialAction\":[{\"@type\":\"ReadAction\",\"target\":[\"https:\/\/www.naturallook.it\/de\/blog\/zwischen-flexibilitaet-und-innovation\/\"]}]},{\"@type\":\"ImageObject\",\"inLanguage\":\"de\",\"@id\":\"https:\/\/www.naturallook.it\/de\/blog\/zwischen-flexibilitaet-und-innovation\/#primaryimage\",\"url\":\"https:\/\/www.naturallook.it\/wp-content\/uploads\/2023\/05\/Andergassen-Druck-1031-2.jpg\",\"contentUrl\":\"https:\/\/www.naturallook.it\/wp-content\/uploads\/2023\/05\/Andergassen-Druck-1031-2.jpg\",\"width\":8000,\"height\":5336},{\"@type\":\"BreadcrumbList\",\"@id\":\"https:\/\/www.naturallook.it\/de\/blog\/zwischen-flexibilitaet-und-innovation\/#breadcrumb\",\"itemListElement\":[{\"@type\":\"ListItem\",\"position\":1,\"name\":\"Startseite\",\"item\":\"https:\/\/www.naturallook.it\/de\/\"},{\"@type\":\"ListItem\",\"position\":2,\"name\":\"Zwischen Flexibilit\u00e4t und Innovation\"}]},{\"@type\":\"WebSite\",\"@id\":\"https:\/\/www.naturallook.it\/de\/#website\",\"url\":\"https:\/\/www.naturallook.it\/de\/\",\"name\":\"Naturallook\",\"description\":\"\",\"publisher\":{\"@id\":\"https:\/\/www.naturallook.it\/de\/#organization\"},\"potentialAction\":[{\"@type\":\"SearchAction\",\"target\":{\"@type\":\"EntryPoint\",\"urlTemplate\":\"https:\/\/www.naturallook.it\/de\/?s={search_term_string}\"},\"query-input\":{\"@type\":\"PropertyValueSpecification\",\"valueRequired\":true,\"valueName\":\"search_term_string\"}}],\"inLanguage\":\"de\"},{\"@type\":\"Organization\",\"@id\":\"https:\/\/www.naturallook.it\/de\/#organization\",\"name\":\"Naturallook\",\"url\":\"https:\/\/www.naturallook.it\/de\/\",\"logo\":{\"@type\":\"ImageObject\",\"inLanguage\":\"de\",\"@id\":\"https:\/\/www.naturallook.it\/de\/#\/schema\/logo\/image\/\",\"url\":\"https:\/\/www.naturallook.it\/wp-content\/uploads\/2021\/07\/cropped-logo.png\",\"contentUrl\":\"https:\/\/www.naturallook.it\/wp-content\/uploads\/2021\/07\/cropped-logo.png\",\"width\":247,\"height\":82,\"caption\":\"Naturallook\"},\"image\":{\"@id\":\"https:\/\/www.naturallook.it\/de\/#\/schema\/logo\/image\/\"}},{\"@type\":\"Person\",\"@id\":\"https:\/\/www.naturallook.it\/de\/#\/schema\/person\/73724076e827d1a2bda18408d45c8b3e\",\"name\":\"lara\",\"url\":\"https:\/\/www.naturallook.it\/de\/blog\/author\/lara\/\"}]}<\/script>\n<!-- \/ Yoast SEO plugin. -->","yoast_head_json":{"title":"Im Gespr\u00e4ch mit Fabrizio Tellan \u00fcber Digitalisierung und Innovation","description":"Technologie und Innovation, Sicherheit und Funktionalit\u00e4t: Die IT-Abteilung von NaturalLook und ihre Rolle im Unternehmenswachstum. Klick dich rein!","robots":{"index":"index","follow":"follow","max-snippet":"max-snippet:-1","max-image-preview":"max-image-preview:large","max-video-preview":"max-video-preview:-1"},"canonical":"https:\/\/www.naturallook.it\/de\/blog\/zwischen-flexibilitaet-und-innovation\/","og_locale":"de_DE","og_type":"article","og_title":"Im Gespr\u00e4ch mit Fabrizio Tellan \u00fcber Digitalisierung und Innovation","og_description":"Technologie und Innovation, Sicherheit und Funktionalit\u00e4t: Die IT-Abteilung von NaturalLook und ihre Rolle im Unternehmenswachstum. Klick dich rein!","og_url":"https:\/\/www.naturallook.it\/de\/blog\/zwischen-flexibilitaet-und-innovation\/","og_site_name":"Naturallook","article_published_time":"2023-05-26T07:09:09+00:00","article_modified_time":"2023-06-07T13:39:12+00:00","og_image":[{"width":1024,"height":683,"url":"https:\/\/www.naturallook.it\/wp-content\/uploads\/2023\/05\/Andergassen-Druck-1031-2-1024x683.jpg","type":"image\/jpeg"}],"author":"lara","twitter_card":"summary_large_image","twitter_misc":{"Verfasst von":"lara","Gesch\u00e4tzte Lesezeit":"3\u00a0Minuten"},"schema":{"@context":"https:\/\/schema.org","@graph":[{"@type":"Article","@id":"https:\/\/www.naturallook.it\/de\/blog\/zwischen-flexibilitaet-und-innovation\/#article","isPartOf":{"@id":"https:\/\/www.naturallook.it\/de\/blog\/zwischen-flexibilitaet-und-innovation\/"},"author":{"name":"lara","@id":"https:\/\/www.naturallook.it\/de\/#\/schema\/person\/73724076e827d1a2bda18408d45c8b3e"},"headline":"Zwischen Flexibilit\u00e4t und Innovation","datePublished":"2023-05-26T07:09:09+00:00","dateModified":"2023-06-07T13:39:12+00:00","mainEntityOfPage":{"@id":"https:\/\/www.naturallook.it\/de\/blog\/zwischen-flexibilitaet-und-innovation\/"},"wordCount":576,"publisher":{"@id":"https:\/\/www.naturallook.it\/de\/#organization"},"image":{"@id":"https:\/\/www.naturallook.it\/de\/blog\/zwischen-flexibilitaet-und-innovation\/#primaryimage"},"thumbnailUrl":"https:\/\/www.naturallook.it\/wp-content\/uploads\/2023\/05\/Andergassen-Druck-1031-2.jpg","articleSection":["blog"],"inLanguage":"de"},{"@type":"WebPage","@id":"https:\/\/www.naturallook.it\/de\/blog\/zwischen-flexibilitaet-und-innovation\/","url":"https:\/\/www.naturallook.it\/de\/blog\/zwischen-flexibilitaet-und-innovation\/","name":"Im Gespr\u00e4ch mit Fabrizio Tellan \u00fcber Digitalisierung und Innovation","isPartOf":{"@id":"https:\/\/www.naturallook.it\/de\/#website"},"primaryImageOfPage":{"@id":"https:\/\/www.naturallook.it\/de\/blog\/zwischen-flexibilitaet-und-innovation\/#primaryimage"},"image":{"@id":"https:\/\/www.naturallook.it\/de\/blog\/zwischen-flexibilitaet-und-innovation\/#primaryimage"},"thumbnailUrl":"https:\/\/www.naturallook.it\/wp-content\/uploads\/2023\/05\/Andergassen-Druck-1031-2.jpg","datePublished":"2023-05-26T07:09:09+00:00","dateModified":"2023-06-07T13:39:12+00:00","description":"Technologie und Innovation, Sicherheit und Funktionalit\u00e4t: Die IT-Abteilung von NaturalLook und ihre Rolle im Unternehmenswachstum. Klick dich rein!","breadcrumb":{"@id":"https:\/\/www.naturallook.it\/de\/blog\/zwischen-flexibilitaet-und-innovation\/#breadcrumb"},"inLanguage":"de","potentialAction":[{"@type":"ReadAction","target":["https:\/\/www.naturallook.it\/de\/blog\/zwischen-flexibilitaet-und-innovation\/"]}]},{"@type":"ImageObject","inLanguage":"de","@id":"https:\/\/www.naturallook.it\/de\/blog\/zwischen-flexibilitaet-und-innovation\/#primaryimage","url":"https:\/\/www.naturallook.it\/wp-content\/uploads\/2023\/05\/Andergassen-Druck-1031-2.jpg","contentUrl":"https:\/\/www.naturallook.it\/wp-content\/uploads\/2023\/05\/Andergassen-Druck-1031-2.jpg","width":8000,"height":5336},{"@type":"BreadcrumbList","@id":"https:\/\/www.naturallook.it\/de\/blog\/zwischen-flexibilitaet-und-innovation\/#breadcrumb","itemListElement":[{"@type":"ListItem","position":1,"name":"Startseite","item":"https:\/\/www.naturallook.it\/de\/"},{"@type":"ListItem","position":2,"name":"Zwischen Flexibilit\u00e4t und Innovation"}]},{"@type":"WebSite","@id":"https:\/\/www.naturallook.it\/de\/#website","url":"https:\/\/www.naturallook.it\/de\/","name":"Naturallook","description":"","publisher":{"@id":"https:\/\/www.naturallook.it\/de\/#organization"},"potentialAction":[{"@type":"SearchAction","target":{"@type":"EntryPoint","urlTemplate":"https:\/\/www.naturallook.it\/de\/?s={search_term_string}"},"query-input":{"@type":"PropertyValueSpecification","valueRequired":true,"valueName":"search_term_string"}}],"inLanguage":"de"},{"@type":"Organization","@id":"https:\/\/www.naturallook.it\/de\/#organization","name":"Naturallook","url":"https:\/\/www.naturallook.it\/de\/","logo":{"@type":"ImageObject","inLanguage":"de","@id":"https:\/\/www.naturallook.it\/de\/#\/schema\/logo\/image\/","url":"https:\/\/www.naturallook.it\/wp-content\/uploads\/2021\/07\/cropped-logo.png","contentUrl":"https:\/\/www.naturallook.it\/wp-content\/uploads\/2021\/07\/cropped-logo.png","width":247,"height":82,"caption":"Naturallook"},"image":{"@id":"https:\/\/www.naturallook.it\/de\/#\/schema\/logo\/image\/"}},{"@type":"Person","@id":"https:\/\/www.naturallook.it\/de\/#\/schema\/person\/73724076e827d1a2bda18408d45c8b3e","name":"lara","url":"https:\/\/www.naturallook.it\/de\/blog\/author\/lara\/"}]}},"_links":{"self":[{"href":"https:\/\/www.naturallook.it\/de\/wp-json\/wp\/v2\/posts\/6238","targetHints":{"allow":["GET"]}}],"collection":[{"href":"https:\/\/www.naturallook.it\/de\/wp-json\/wp\/v2\/posts"}],"about":[{"href":"https:\/\/www.naturallook.it\/de\/wp-json\/wp\/v2\/types\/post"}],"author":[{"embeddable":true,"href":"https:\/\/www.naturallook.it\/de\/wp-json\/wp\/v2\/users\/3"}],"replies":[{"embeddable":true,"href":"https:\/\/www.naturallook.it\/de\/wp-json\/wp\/v2\/comments?post=6238"}],"version-history":[{"count":31,"href":"https:\/\/www.naturallook.it\/de\/wp-json\/wp\/v2\/posts\/6238\/revisions"}],"predecessor-version":[{"id":6350,"href":"https:\/\/www.naturallook.it\/de\/wp-json\/wp\/v2\/posts\/6238\/revisions\/6350"}],"wp:featuredmedia":[{"embeddable":true,"href":"https:\/\/www.naturallook.it\/de\/wp-json\/wp\/v2\/media\/6344"}],"wp:attachment":[{"href":"https:\/\/www.naturallook.it\/de\/wp-json\/wp\/v2\/media?parent=6238"}],"wp:term":[{"taxonomy":"category","embeddable":true,"href":"https:\/\/www.naturallook.it\/de\/wp-json\/wp\/v2\/categories?post=6238"},{"taxonomy":"post_tag","embeddable":true,"href":"https:\/\/www.naturallook.it\/de\/wp-json\/wp\/v2\/tags?post=6238"}],"curies":[{"name":"wp","href":"https:\/\/api.w.org\/{rel}","templated":true}]}}